{"id":2352,"date":"2025-09-07T09:15:45","date_gmt":"2025-09-07T13:15:45","guid":{"rendered":"https:\/\/md.rcm.upr.edu\/micro\/?p=2352"},"modified":"2025-09-08T09:21:54","modified_gmt":"2025-09-08T13:21:54","slug":"estudio-pionero-sobre-el-alzheimer-en-puerto-rico-relaciona-la-microbiota-intestinal-con-el-alzheimer","status":"publish","type":"post","link":"https:\/\/md.rcm.upr.edu\/micro\/2025\/09\/07\/estudio-pionero-sobre-el-alzheimer-en-puerto-rico-relaciona-la-microbiota-intestinal-con-el-alzheimer\/","title":{"rendered":"Estudio pionero sobre el alzh\u00e9imer en Puerto Rico relaciona la microbiota intestinal con el alzh\u00e9imer"},"content":{"rendered":"<div class=\"wpb-content-wrapper\"><p>[vc_row][vc_column][vc_single_image image=&#8221;2353&#8243; img_size=&#8221;full&#8221; alignment=&#8221;center&#8221; css=&#8221;&#8221;][vc_column_text css=&#8221;&#8221;]<\/p>\n<div class=\"content-elements text pp\">\n<p class=\"content-element\" data-mrf-recirculation=\"Links art\u00edculos\">Por los pasados tres a\u00f1os, Puerto Rico ha sido el centro del primer estudio en el Caribe que analiza de cerca el alzh\u00e9imer y su relaci\u00f3n con la microbiota intestinal. Los resultados han sido publicados y, con acciones futuras, pueden hacer una gran diferencia en lo concerniente a esta enfermedad neurodegenerativa.<\/p>\n<p data-mrf-recirculation=\"Links art\u00edculos\">Cabe destacar que, en Puerto Rico, la enfermedad de Alzheimer es la cuarta causa principal de muerte. En Estados Unidos, es la quinta. Ante esa realidad y buscando conocer m\u00e1s sobre los posibles or\u00edgenes de este tipo de trastorno cerebral, los tratamientos disponibles y lo que falta por hacer, las doctoras Filipa Godoy Vitorino, directora del Departamento de Microbiolog\u00eda; y Vanessa Sep\u00falveda Rivera, profesora del Departamento de Medicina Interna y Geriatr\u00eda de la Universidad de Puerto Rico, Recinto de Ciencias M\u00e9dicas, decidieron realizar este estudio que se centra en el intestino, pues analiza la microbiota fecal de pacientes geri\u00e1tricos con alzh\u00e9imer.<\/p>\n<\/div>\n<div><\/div>\n<div>Por Liz Sandra Santiago | <a href=\"https:\/\/www.elnuevodia.com\/suplementos\/puerto-rico-saludable\/notas\/estudio-pionero-sobre-el-alzheimer-en-puerto-rico-relaciona-la-microbiota-intestinal-con-el-alzheimer\/\">El Nuevo D\u00eda<\/a><\/div>\n<p>[\/vc_column_text][vc_btn title=&#8221;Ver noticia completa&#8221; color=&#8221;black&#8221; size=&#8221;sm&#8221; css=&#8221;&#8221; link=&#8221;url:https%3A%2F%2Fwww.elnuevodia.com%2Fsuplementos%2Fpuerto-rico-saludable%2Fnotas%2Festudio-pionero-sobre-el-alzheimer-en-puerto-rico-relaciona-la-microbiota-intestinal-con-el-alzheimer%2F&#8221;][\/vc_column][\/vc_row]<\/p>\n<\/div>","protected":false},"excerpt":{"rendered":"<p>[vc_row][vc_column][vc_single_image image=&#8221;2353&#8243; img_size=&#8221;full&#8221; alignment=&#8221;center&#8221; css=&#8221;&#8221;][vc_column_text css=&#8221;&#8221;] Por los pasados tres a\u00f1os, Puerto Rico ha sido el centro del primer estudio en el Caribe que analiza de cerca el alzh\u00e9imer y su relaci\u00f3n con la microbiota intestinal. Los resultados han sido publicados y, con acciones futuras, pueden hacer una gran diferencia en lo concerniente a esta&hellip;<\/p>\n","protected":false},"author":1,"featured_media":2353,"comment_status":"closed","ping_status":"closed","sticky":false,"template":"","format":"standard","meta":{"footnotes":""},"categories":[6],"tags":[],"class_list":["post-2352","post","type-post","status-publish","format-standard","has-post-thumbnail","hentry","category-latest-news","category-6","description-off"],"aioseo_notices":[],"jetpack_featured_media_url":"https:\/\/md.rcm.upr.edu\/micro\/wp-content\/uploads\/sites\/22\/2025\/09\/microbioma-alzhaeimer.jpg","_links":{"self":[{"href":"https:\/\/md.rcm.upr.edu\/micro\/wp-json\/wp\/v2\/posts\/2352","targetHints":{"allow":["GET"]}}],"collection":[{"href":"https:\/\/md.rcm.upr.edu\/micro\/wp-json\/wp\/v2\/posts"}],"about":[{"href":"https:\/\/md.rcm.upr.edu\/micro\/wp-json\/wp\/v2\/types\/post"}],"author":[{"embeddable":true,"href":"https:\/\/md.rcm.upr.edu\/micro\/wp-json\/wp\/v2\/users\/1"}],"replies":[{"embeddable":true,"href":"https:\/\/md.rcm.upr.edu\/micro\/wp-json\/wp\/v2\/comments?post=2352"}],"version-history":[{"count":4,"href":"https:\/\/md.rcm.upr.edu\/micro\/wp-json\/wp\/v2\/posts\/2352\/revisions"}],"predecessor-version":[{"id":2357,"href":"https:\/\/md.rcm.upr.edu\/micro\/wp-json\/wp\/v2\/posts\/2352\/revisions\/2357"}],"wp:featuredmedia":[{"embeddable":true,"href":"https:\/\/md.rcm.upr.edu\/micro\/wp-json\/wp\/v2\/media\/2353"}],"wp:attachment":[{"href":"https:\/\/md.rcm.upr.edu\/micro\/wp-json\/wp\/v2\/media?parent=2352"}],"wp:term":[{"taxonomy":"category","embeddable":true,"href":"https:\/\/md.rcm.upr.edu\/micro\/wp-json\/wp\/v2\/categories?post=2352"},{"taxonomy":"post_tag","embeddable":true,"href":"https:\/\/md.rcm.upr.edu\/micro\/wp-json\/wp\/v2\/tags?post=2352"}],"curies":[{"name":"wp","href":"https:\/\/api.w.org\/{rel}","templated":true}]}}